{"id":16006,"date":"2022-05-05T17:02:22","date_gmt":"2022-05-05T17:02:22","guid":{"rendered":"https:\/\/plastimol.com\/apos-dois-anos-regressamos-a-feira-de-atraccao-de-frutas\/"},"modified":"2023-07-25T10:28:15","modified_gmt":"2023-07-25T10:28:15","slug":"apos-dois-anos-regressamos-a-feira-de-atraccao-de-frutas","status":"publish","type":"post","link":"https:\/\/plastimol.com\/pt-pt\/apos-dois-anos-regressamos-a-feira-de-atraccao-de-frutas\/","title":{"rendered":"Estamos de volta \u00e0 feira Fruit Attraction."},"content":{"rendered":"\t\t<div data-elementor-type=\"wp-post\" data-elementor-id=\"16006\" class=\"elementor elementor-16006 elementor-8610\" data-elementor-post-type=\"post\">\n\t\t\t\t\t\t<section class=\"elementor-section elementor-top-section elementor-element elementor-element-493039a8 elementor-section-boxed elementor-section-height-default elementor-section-height-default\" data-id=\"493039a8\" data-element_type=\"section\" data-e-type=\"section\">\n\t\t\t\t\t\t<div class=\"elementor-container elementor-column-gap-default\">\n\t\t\t\t\t<div class=\"elementor-column elementor-col-100 elementor-top-column elementor-element elementor-element-5ec8c7\" data-id=\"5ec8c7\" data-element_type=\"column\" data-e-type=\"column\">\n\t\t\t<div class=\"elementor-widget-wrap elementor-element-populated\">\n\t\t\t\t\t\t<div class=\"elementor-element elementor-element-1789c9ed elementor-widget elementor-widget-text-editor\" data-id=\"1789c9ed\" data-element_type=\"widget\" data-e-type=\"widget\" data-widget_type=\"text-editor.default\">\n\t\t\t\t<div class=\"elementor-widget-container\">\n\t\t\t\t\t\t\t\t\t<p>Este ano estamos muito entusiasmados por estar de volta \u00e0 <strong>FRUIT ATTRACTION, a Feira Internacional de Frutas e Legumes <\/strong>, ap\u00f3s dois anos de pandemia (a \u00faltima vez foi em 2019), onde estaremos a expor os nossos produtos e poderemos responder a todas as vossas quest\u00f5es. Esperamos por si!<\/p>\n<p><span style=\"color: rgba(0, 0, 0, 0.9); font-family: -apple-system, system-ui, BlinkMacSystemFont, 'Segoe UI', Roboto, 'Helvetica Neue', 'Fira Sans', Ubuntu, Oxygen, 'Oxygen Sans', Cantarell, 'Droid Sans', 'Apple Color Emoji', 'Segoe UI Emoji', 'Segoe UI Emoji', 'Segoe UI Symbol', 'Lucida Grande', Helvetica, Arial, sans-serif; font-size: 14px; font-style: normal; font-weight: 400; text-align: start;\">.<\/span><br style=\"box-sizing: inherit; color: rgba(0, 0, 0, 0.9); font-family: -apple-system, system-ui, BlinkMacSystemFont, 'Segoe UI', Roboto, 'Helvetica Neue', 'Fira Sans', Ubuntu, Oxygen, 'Oxygen Sans', Cantarell, 'Droid Sans', 'Apple Color Emoji', 'Segoe UI Emoji', 'Segoe UI Emoji', 'Segoe UI Symbol', 'Lucida Grande', Helvetica, Arial, sans-serif; font-size: 14px; text-align: start; line-height: inherit !important;\"><span style=\"color: rgba(0, 0, 0, 0.9); font-family: -apple-system, system-ui, BlinkMacSystemFont, 'Segoe UI', Roboto, 'Helvetica Neue', 'Fira Sans', Ubuntu, Oxygen, 'Oxygen Sans', Cantarell, 'Droid Sans', 'Apple Color Emoji', 'Segoe UI Emoji', 'Segoe UI Emoji', 'Segoe UI Symbol', 'Lucida Grande', Helvetica, Arial, sans-serif; font-size: 14px; font-style: normal; font-weight: 400; text-align: start;\">Pode encontrar-nos em :<\/span><br style=\"box-sizing: inherit; color: rgba(0, 0, 0, 0.9); font-family: -apple-system, system-ui, BlinkMacSystemFont, 'Segoe UI', Roboto, 'Helvetica Neue', 'Fira Sans', Ubuntu, Oxygen, 'Oxygen Sans', Cantarell, 'Droid Sans', 'Apple Color Emoji', 'Segoe UI Emoji', 'Segoe UI Emoji', 'Segoe UI Symbol', 'Lucida Grande', Helvetica, Arial, sans-serif; font-size: 14px; text-align: start; line-height: inherit !important;\"><span style=\"color: rgba(0, 0, 0, 0.9); font-family: -apple-system, system-ui, BlinkMacSystemFont, 'Segoe UI', Roboto, 'Helvetica Neue', 'Fira Sans', Ubuntu, Oxygen, 'Oxygen Sans', Cantarell, 'Droid Sans', 'Apple Color Emoji', 'Segoe UI Emoji', 'Segoe UI Emoji', 'Segoe UI Symbol', 'Lucida Grande', Helvetica, Arial, sans-serif; font-size: 14px; font-style: normal; font-weight: 400; text-align: start;\">IFEMA MADRID &#8211; Recinto Ferial, Av. Parten\u00f3n 5, 28042 Madrid<\/span><br style=\"box-sizing: inherit; color: rgba(0, 0, 0, 0.9); font-family: -apple-system, system-ui, BlinkMacSystemFont, 'Segoe UI', Roboto, 'Helvetica Neue', 'Fira Sans', Ubuntu, Oxygen, 'Oxygen Sans', Cantarell, 'Droid Sans', 'Apple Color Emoji', 'Segoe UI Emoji', 'Segoe UI Emoji', 'Segoe UI Symbol', 'Lucida Grande', Helvetica, Arial, sans-serif; font-size: 14px; text-align: start; line-height: inherit !important;\"><span style=\"color: rgba(0, 0, 0, 0.9); font-family: -apple-system, system-ui, BlinkMacSystemFont, 'Segoe UI', Roboto, 'Helvetica Neue', 'Fira Sans', Ubuntu, Oxygen, 'Oxygen Sans', Cantarell, 'Droid Sans', 'Apple Color Emoji', 'Segoe UI Emoji', 'Segoe UI Emoji', 'Segoe UI Symbol', 'Lucida Grande', Helvetica, Arial, sans-serif; font-size: 14px; font-style: normal; font-weight: 400; text-align: start;\">\ud835\udde3\ud835\uddee\ud835\uddef\ud835\uddf2\ud835\uddf9\ud835\uddf9\ud835\uddfc\u0301\ud835\uddfb \ud835\udff0 ,\ud835\ude00\ud835\ude01\ud835\uddee\ud835\uddfb\ud835\uddf1 \ud835\udff0\ud835\uddd7\ud835\udfed\ud835\udfee\ud835\udfee<\/span><br style=\"box-sizing: inherit; color: rgba(0, 0, 0, 0.9); font-family: -apple-system, system-ui, BlinkMacSystemFont, 'Segoe UI', Roboto, 'Helvetica Neue', 'Fira Sans', Ubuntu, Oxygen, 'Oxygen Sans', Cantarell, 'Droid Sans', 'Apple Color Emoji', 'Segoe UI Emoji', 'Segoe UI Emoji', 'Segoe UI Symbol', 'Lucida Grande', Helvetica, Arial, sans-serif; font-size: 14px; text-align: start; line-height: inherit !important;\"><span style=\"color: rgba(0, 0, 0, 0.9); font-family: -apple-system, system-ui, BlinkMacSystemFont, 'Segoe UI', Roboto, 'Helvetica Neue', 'Fira Sans', Ubuntu, Oxygen, 'Oxygen Sans', Cantarell, 'Droid Sans', 'Apple Color Emoji', 'Segoe UI Emoji', 'Segoe UI Emoji', 'Segoe UI Symbol', 'Lucida Grande', Helvetica, Arial, sans-serif; font-size: 14px; font-style: normal; font-weight: 400; text-align: start;\">De 04\/10\/22 a 05\/10\/22 09:30 &#8211; 19:00<\/span><br style=\"box-sizing: inherit; color: rgba(0, 0, 0, 0.9); font-family: -apple-system, system-ui, BlinkMacSystemFont, 'Segoe UI', Roboto, 'Helvetica Neue', 'Fira Sans', Ubuntu, Oxygen, 'Oxygen Sans', Cantarell, 'Droid Sans', 'Apple Color Emoji', 'Segoe UI Emoji', 'Segoe UI Emoji', 'Segoe UI Symbol', 'Lucida Grande', Helvetica, Arial, sans-serif; font-size: 14px; text-align: start; line-height: inherit !important;\"><span style=\"color: rgba(0, 0, 0, 0.9); font-family: -apple-system, system-ui, BlinkMacSystemFont, 'Segoe UI', Roboto, 'Helvetica Neue', 'Fira Sans', Ubuntu, Oxygen, 'Oxygen Sans', Cantarell, 'Droid Sans', 'Apple Color Emoji', 'Segoe UI Emoji', 'Segoe UI Emoji', 'Segoe UI Symbol', 'Lucida Grande', Helvetica, Arial, sans-serif; font-size: 14px; font-style: normal; font-weight: 400; text-align: start;\">06\/10\/22 09:30 &#8211; 17:00<\/span><\/p>\n\t\t\t\t\t\t\t\t<\/div>\n\t\t\t\t<\/div>\n\t\t\t\t\t<\/div>\n\t\t<\/div>\n\t\t\t\t\t<\/div>\n\t\t<\/section>\n\t\t\t\t<section class=\"elementor-section elementor-top-section elementor-element elementor-element-7ce068b elementor-section-boxed elementor-section-height-default elementor-section-height-default\" data-id=\"7ce068b\" data-element_type=\"section\" data-e-type=\"section\">\n\t\t\t\t\t\t<div class=\"elementor-container elementor-column-gap-default\">\n\t\t\t\t\t<div class=\"elementor-column elementor-col-100 elementor-top-column elementor-element elementor-element-010db88\" data-id=\"010db88\" data-element_type=\"column\" data-e-type=\"column\">\n\t\t\t<div class=\"elementor-widget-wrap elementor-element-populated\">\n\t\t\t\t\t\t<div class=\"elementor-element elementor-element-1f22c63 elementor-widget elementor-widget-image\" data-id=\"1f22c63\" data-element_type=\"widget\" data-e-type=\"widget\" data-widget_type=\"image.default\">\n\t\t\t\t<div class=\"elementor-widget-container\">\n\t\t\t\t\t\t\t\t\t\t\t\t\t\t\t<img fetchpriority=\"high\" decoding=\"async\" width=\"1024\" height=\"768\" src=\"https:\/\/plastimol.com\/wp-content\/uploads\/2022\/09\/PLASTIMOL-1024x768.webp\" class=\"attachment-large size-large wp-image-11834\" alt=\"Plastimol en Fruit Attraction\" srcset=\"https:\/\/plastimol.com\/wp-content\/uploads\/2022\/09\/PLASTIMOL-1024x768.webp 1024w, https:\/\/plastimol.com\/wp-content\/uploads\/2022\/09\/PLASTIMOL-300x225.webp 300w, https:\/\/plastimol.com\/wp-content\/uploads\/2022\/09\/PLASTIMOL-768x576.webp 768w, https:\/\/plastimol.com\/wp-content\/uploads\/2022\/09\/PLASTIMOL-1536x1152.webp 1536w, https:\/\/plastimol.com\/wp-content\/uploads\/2022\/09\/PLASTIMOL-600x450.webp 600w, https:\/\/plastimol.com\/wp-content\/uploads\/2022\/09\/PLASTIMOL.webp 1600w\" sizes=\"(max-width: 1024px) 100vw, 1024px\" \/>\t\t\t\t\t\t\t\t\t\t\t\t\t\t\t<\/div>\n\t\t\t\t<\/div>\n\t\t\t\t<div class=\"elementor-element elementor-element-d1f1447 elementor-widget elementor-widget-text-editor\" data-id=\"d1f1447\" data-element_type=\"widget\" data-e-type=\"widget\" data-widget_type=\"text-editor.default\">\n\t\t\t\t<div class=\"elementor-widget-container\">\n\t\t\t\t\t\t\t\t\t<p><span style=\"color: #999999;\">Fotografia da \u00faltima edi\u00e7\u00e3o de 2019 com o Sr. Antonio Luengo Zapata, Ministro Regional da \u00c1gua, Agricultura, Pecu\u00e1ria, Pescas e Ambiente e o Sr. Jos\u00e9 G\u00f3mez Ortega, Director-Geral da Ind\u00fastria Alimentar e do Cooperativismo Agr\u00e1rio.<\/span><\/p>\n\t\t\t\t\t\t\t\t<\/div>\n\t\t\t\t<\/div>\n\t\t\t\t\t<\/div>\n\t\t<\/div>\n\t\t\t\t\t<\/div>\n\t\t<\/section>\n\t\t\t\t<\/div>\n\t\t","protected":false},"excerpt":{"rendered":"<p>Este ano estamos muito entusiasmados por estar de volta \u00e0 FRUIT ATTRACTION, a Feira Internacional de Frutas e Legumes , ap\u00f3s dois anos de pandemia (a \u00faltima vez foi em 2019), onde estaremos a expor os nossos produtos e poderemos responder a todas as vossas quest\u00f5es. Esperamos por si! .Pode encontrar-nos em :IFEMA MADRID &#8211; [&hellip;]<\/p>\n","protected":false},"author":8,"featured_media":11833,"comment_status":"closed","ping_status":"closed","sticky":false,"template":"","format":"standard","meta":{"_uag_custom_page_level_css":"","site-sidebar-layout":"default","site-content-layout":"default","ast-site-content-layout":"default","site-content-style":"default","site-sidebar-style":"default","ast-global-header-display":"","ast-banner-title-visibility":"","ast-main-header-display":"","ast-hfb-above-header-display":"","ast-hfb-below-header-display":"","ast-hfb-mobile-header-display":"","site-post-title":"","ast-breadcrumbs-content":"","ast-featured-img":"","footer-sml-layout":"","ast-disable-related-posts":"","theme-transparent-header-meta":"default","adv-header-id-meta":"","stick-header-meta":"default","header-above-stick-meta":"","header-main-stick-meta":"","header-below-stick-meta":"","astra-migrate-meta-layouts":"default","ast-page-background-enabled":"default","ast-page-background-meta":{"desktop":{"background-color":"","background-image":"","background-repeat":"repeat","background-position":"center center","background-size":"auto","background-attachment":"scroll","background-type":"","background-media":"","overlay-type":"","overlay-color":"","overlay-opacity":"","overlay-gradient":""},"tablet":{"background-color":"","background-image":"","background-repeat":"repeat","background-position":"center center","background-size":"auto","background-attachment":"scroll","background-type":"","background-media":"","overlay-type":"","overlay-color":"","overlay-opacity":"","overlay-gradient":""},"mobile":{"background-color":"","background-image":"","background-repeat":"repeat","background-position":"center center","background-size":"auto","background-attachment":"scroll","background-type":"","background-media":"","overlay-type":"","overlay-color":"","overlay-opacity":"","overlay-gradient":""}},"ast-content-background-meta":{"desktop":{"background-color":"var(--ast-global-color-5)","background-image":"","background-repeat":"repeat","background-position":"center center","background-size":"auto","background-attachment":"scroll","background-type":"","background-media":"","overlay-type":"","overlay-color":"","overlay-opacity":"","overlay-gradient":""},"tablet":{"background-color":"var(--ast-global-color-5)","background-image":"","background-repeat":"repeat","background-position":"center center","background-size":"auto","background-attachment":"scroll","background-type":"","background-media":"","overlay-type":"","overlay-color":"","overlay-opacity":"","overlay-gradient":""},"mobile":{"background-color":"var(--ast-global-color-5)","background-image":"","background-repeat":"repeat","background-position":"center center","background-size":"auto","background-attachment":"scroll","background-type":"","background-media":"","overlay-type":"","overlay-color":"","overlay-opacity":"","overlay-gradient":""}},"_joinchat":[],"footnotes":""},"categories":[99],"tags":[],"class_list":["post-16006","post","type-post","status-publish","format-standard","has-post-thumbnail","hentry","category-atualidade"],"yoast_head":"<!-- This site is optimized with the Yoast SEO Premium plugin v25.3 (Yoast SEO v27.4) - https:\/\/yoast.com\/product\/yoast-seo-premium-wordpress\/ -->\n<title>Estamos de volta \u00e0 feira Fruit Attraction. | Plastimol<\/title>\n<meta name=\"description\" content=\"Estamos de volta \u00e0 Fruit Attraction ap\u00f3s dois anos! Junte-se a n\u00f3s nesta emocionante feira da ind\u00fastria de frutas e hortali\u00e7as.\" \/>\n<meta name=\"robots\" content=\"index, follow, max-snippet:-1, max-image-preview:large, max-video-preview:-1\" \/>\n<link rel=\"canonical\" href=\"https:\/\/plastimol.com\/pt-pt\/apos-dois-anos-regressamos-a-feira-de-atraccao-de-frutas\/\" \/>\n<meta property=\"og:locale\" content=\"pt_PT\" \/>\n<meta property=\"og:type\" content=\"article\" \/>\n<meta property=\"og:title\" content=\"Estamos de volta \u00e0 feira Fruit Attraction.\" \/>\n<meta property=\"og:description\" content=\"Estamos de volta \u00e0 Fruit Attraction ap\u00f3s dois anos! Junte-se a n\u00f3s nesta emocionante feira da ind\u00fastria de frutas e hortali\u00e7as.\" \/>\n<meta property=\"og:url\" content=\"https:\/\/plastimol.com\/pt-pt\/apos-dois-anos-regressamos-a-feira-de-atraccao-de-frutas\/\" \/>\n<meta property=\"og:site_name\" content=\"Plastimol\" \/>\n<meta property=\"article:publisher\" content=\"https:\/\/www.facebook.com\/Plasticos-De-Molina-SL-2231330860466005\/\" \/>\n<meta property=\"article:published_time\" content=\"2022-05-05T17:02:22+00:00\" \/>\n<meta property=\"article:modified_time\" content=\"2023-07-25T10:28:15+00:00\" \/>\n<meta property=\"og:image\" content=\"https:\/\/plastimol.com\/wp-content\/uploads\/2022\/09\/FRUIT-ATTRACTION.webp\" \/>\n\t<meta property=\"og:image:width\" content=\"2368\" \/>\n\t<meta property=\"og:image:height\" content=\"1769\" \/>\n\t<meta property=\"og:image:type\" content=\"image\/webp\" \/>\n<meta name=\"author\" content=\"Plastimol\" \/>\n<meta name=\"twitter:card\" content=\"summary_large_image\" \/>\n<meta name=\"twitter:label1\" content=\"Escrito por\" \/>\n\t<meta name=\"twitter:data1\" content=\"Plastimol\" \/>\n\t<meta name=\"twitter:label2\" content=\"Tempo estimado de leitura\" \/>\n\t<meta name=\"twitter:data2\" content=\"1 minuto\" \/>\n<script type=\"application\/ld+json\" class=\"yoast-schema-graph\">{\"@context\":\"https:\\\/\\\/schema.org\",\"@graph\":[{\"@type\":\"Article\",\"@id\":\"https:\\\/\\\/plastimol.com\\\/pt-pt\\\/apos-dois-anos-regressamos-a-feira-de-atraccao-de-frutas\\\/#article\",\"isPartOf\":{\"@id\":\"https:\\\/\\\/plastimol.com\\\/pt-pt\\\/apos-dois-anos-regressamos-a-feira-de-atraccao-de-frutas\\\/\"},\"author\":{\"name\":\"Plastimol\",\"@id\":\"https:\\\/\\\/plastimol.com\\\/pt-pt\\\/#\\\/schema\\\/person\\\/e9a749529e9bd4ffb4e1effece41d863\"},\"headline\":\"Estamos de volta \u00e0 feira Fruit Attraction.\",\"datePublished\":\"2022-05-05T17:02:22+00:00\",\"dateModified\":\"2023-07-25T10:28:15+00:00\",\"mainEntityOfPage\":{\"@id\":\"https:\\\/\\\/plastimol.com\\\/pt-pt\\\/apos-dois-anos-regressamos-a-feira-de-atraccao-de-frutas\\\/\"},\"wordCount\":109,\"publisher\":{\"@id\":\"https:\\\/\\\/plastimol.com\\\/pt-pt\\\/#organization\"},\"image\":{\"@id\":\"https:\\\/\\\/plastimol.com\\\/pt-pt\\\/apos-dois-anos-regressamos-a-feira-de-atraccao-de-frutas\\\/#primaryimage\"},\"thumbnailUrl\":\"https:\\\/\\\/plastimol.com\\\/wp-content\\\/uploads\\\/2022\\\/09\\\/FRUIT-ATTRACTION.webp\",\"articleSection\":[\"Atualidade\"],\"inLanguage\":\"pt-PT\"},{\"@type\":\"WebPage\",\"@id\":\"https:\\\/\\\/plastimol.com\\\/pt-pt\\\/apos-dois-anos-regressamos-a-feira-de-atraccao-de-frutas\\\/\",\"url\":\"https:\\\/\\\/plastimol.com\\\/pt-pt\\\/apos-dois-anos-regressamos-a-feira-de-atraccao-de-frutas\\\/\",\"name\":\"Estamos de volta \u00e0 feira Fruit Attraction. | Plastimol\",\"isPartOf\":{\"@id\":\"https:\\\/\\\/plastimol.com\\\/pt-pt\\\/#website\"},\"primaryImageOfPage\":{\"@id\":\"https:\\\/\\\/plastimol.com\\\/pt-pt\\\/apos-dois-anos-regressamos-a-feira-de-atraccao-de-frutas\\\/#primaryimage\"},\"image\":{\"@id\":\"https:\\\/\\\/plastimol.com\\\/pt-pt\\\/apos-dois-anos-regressamos-a-feira-de-atraccao-de-frutas\\\/#primaryimage\"},\"thumbnailUrl\":\"https:\\\/\\\/plastimol.com\\\/wp-content\\\/uploads\\\/2022\\\/09\\\/FRUIT-ATTRACTION.webp\",\"datePublished\":\"2022-05-05T17:02:22+00:00\",\"dateModified\":\"2023-07-25T10:28:15+00:00\",\"description\":\"Estamos de volta \u00e0 Fruit Attraction ap\u00f3s dois anos! Junte-se a n\u00f3s nesta emocionante feira da ind\u00fastria de frutas e hortali\u00e7as.\",\"breadcrumb\":{\"@id\":\"https:\\\/\\\/plastimol.com\\\/pt-pt\\\/apos-dois-anos-regressamos-a-feira-de-atraccao-de-frutas\\\/#breadcrumb\"},\"inLanguage\":\"pt-PT\",\"potentialAction\":[{\"@type\":\"ReadAction\",\"target\":[\"https:\\\/\\\/plastimol.com\\\/pt-pt\\\/apos-dois-anos-regressamos-a-feira-de-atraccao-de-frutas\\\/\"]}]},{\"@type\":\"ImageObject\",\"inLanguage\":\"pt-PT\",\"@id\":\"https:\\\/\\\/plastimol.com\\\/pt-pt\\\/apos-dois-anos-regressamos-a-feira-de-atraccao-de-frutas\\\/#primaryimage\",\"url\":\"https:\\\/\\\/plastimol.com\\\/wp-content\\\/uploads\\\/2022\\\/09\\\/FRUIT-ATTRACTION.webp\",\"contentUrl\":\"https:\\\/\\\/plastimol.com\\\/wp-content\\\/uploads\\\/2022\\\/09\\\/FRUIT-ATTRACTION.webp\",\"width\":2368,\"height\":1769,\"caption\":\"FRUIT ATTRACTION\"},{\"@type\":\"BreadcrumbList\",\"@id\":\"https:\\\/\\\/plastimol.com\\\/pt-pt\\\/apos-dois-anos-regressamos-a-feira-de-atraccao-de-frutas\\\/#breadcrumb\",\"itemListElement\":[{\"@type\":\"ListItem\",\"position\":1,\"name\":\"Plastimol\",\"item\":\"https:\\\/\\\/plastimol.com\\\/pt-pt\\\/\"},{\"@type\":\"ListItem\",\"position\":2,\"name\":\"Atualidade\",\"item\":\"https:\\\/\\\/plastimol.com\\\/pt-pt\\\/category\\\/atualidade\\\/\"},{\"@type\":\"ListItem\",\"position\":3,\"name\":\"Estamos de volta \u00e0 feira Fruit Attraction.\"}]},{\"@type\":\"WebSite\",\"@id\":\"https:\\\/\\\/plastimol.com\\\/pt-pt\\\/#website\",\"url\":\"https:\\\/\\\/plastimol.com\\\/pt-pt\\\/\",\"name\":\"Plastimol.com\",\"description\":\"Fabricantes Bbox, Contenedores, Cajas, Bidones y Palets de Pl\u00e1stico\",\"publisher\":{\"@id\":\"https:\\\/\\\/plastimol.com\\\/pt-pt\\\/#organization\"},\"potentialAction\":[{\"@type\":\"SearchAction\",\"target\":{\"@type\":\"EntryPoint\",\"urlTemplate\":\"https:\\\/\\\/plastimol.com\\\/pt-pt\\\/?s={search_term_string}\"},\"query-input\":{\"@type\":\"PropertyValueSpecification\",\"valueRequired\":true,\"valueName\":\"search_term_string\"}}],\"inLanguage\":\"pt-PT\"},{\"@type\":\"Organization\",\"@id\":\"https:\\\/\\\/plastimol.com\\\/pt-pt\\\/#organization\",\"name\":\"Plastimol.com\",\"url\":\"https:\\\/\\\/plastimol.com\\\/pt-pt\\\/\",\"logo\":{\"@type\":\"ImageObject\",\"inLanguage\":\"pt-PT\",\"@id\":\"https:\\\/\\\/plastimol.com\\\/pt-pt\\\/#\\\/schema\\\/logo\\\/image\\\/\",\"url\":\"https:\\\/\\\/plastimol.com\\\/wp-content\\\/uploads\\\/2020\\\/12\\\/cropped-logo.png\",\"contentUrl\":\"https:\\\/\\\/plastimol.com\\\/wp-content\\\/uploads\\\/2020\\\/12\\\/cropped-logo.png\",\"width\":1957,\"height\":485,\"caption\":\"Plastimol.com\"},\"image\":{\"@id\":\"https:\\\/\\\/plastimol.com\\\/pt-pt\\\/#\\\/schema\\\/logo\\\/image\\\/\"},\"sameAs\":[\"https:\\\/\\\/www.facebook.com\\\/Plasticos-De-Molina-SL-2231330860466005\\\/\",\"https:\\\/\\\/in.linkedin.com\\\/company\\\/plastimol\",\"https:\\\/\\\/www.instagram.com\\\/plastimol_envases\",\"https:\\\/\\\/www.youtube.com\\\/channel\\\/UCtKxYvZ0eakrjy2gSCBETGg\\\/videos\"]},{\"@type\":\"Person\",\"@id\":\"https:\\\/\\\/plastimol.com\\\/pt-pt\\\/#\\\/schema\\\/person\\\/e9a749529e9bd4ffb4e1effece41d863\",\"name\":\"Plastimol\",\"image\":{\"@type\":\"ImageObject\",\"inLanguage\":\"pt-PT\",\"@id\":\"https:\\\/\\\/secure.gravatar.com\\\/avatar\\\/79d78f942a98e935261653bc0f66658c285685bb0e25c7f703a8752695e82921?s=96&d=mm&r=g\",\"url\":\"https:\\\/\\\/secure.gravatar.com\\\/avatar\\\/79d78f942a98e935261653bc0f66658c285685bb0e25c7f703a8752695e82921?s=96&d=mm&r=g\",\"contentUrl\":\"https:\\\/\\\/secure.gravatar.com\\\/avatar\\\/79d78f942a98e935261653bc0f66658c285685bb0e25c7f703a8752695e82921?s=96&d=mm&r=g\",\"caption\":\"Plastimol\"},\"url\":\"https:\\\/\\\/plastimol.com\\\/pt-pt\\\/author\\\/plastimol\\\/\"}]}<\/script>\n<!-- \/ Yoast SEO Premium plugin. -->","yoast_head_json":{"title":"Estamos de volta \u00e0 feira Fruit Attraction. | Plastimol","description":"Estamos de volta \u00e0 Fruit Attraction ap\u00f3s dois anos! Junte-se a n\u00f3s nesta emocionante feira da ind\u00fastria de frutas e hortali\u00e7as.","robots":{"index":"index","follow":"follow","max-snippet":"max-snippet:-1","max-image-preview":"max-image-preview:large","max-video-preview":"max-video-preview:-1"},"canonical":"https:\/\/plastimol.com\/pt-pt\/apos-dois-anos-regressamos-a-feira-de-atraccao-de-frutas\/","og_locale":"pt_PT","og_type":"article","og_title":"Estamos de volta \u00e0 feira Fruit Attraction.","og_description":"Estamos de volta \u00e0 Fruit Attraction ap\u00f3s dois anos! Junte-se a n\u00f3s nesta emocionante feira da ind\u00fastria de frutas e hortali\u00e7as.","og_url":"https:\/\/plastimol.com\/pt-pt\/apos-dois-anos-regressamos-a-feira-de-atraccao-de-frutas\/","og_site_name":"Plastimol","article_publisher":"https:\/\/www.facebook.com\/Plasticos-De-Molina-SL-2231330860466005\/","article_published_time":"2022-05-05T17:02:22+00:00","article_modified_time":"2023-07-25T10:28:15+00:00","og_image":[{"width":2368,"height":1769,"url":"https:\/\/plastimol.com\/wp-content\/uploads\/2022\/09\/FRUIT-ATTRACTION.webp","type":"image\/webp"}],"author":"Plastimol","twitter_card":"summary_large_image","twitter_misc":{"Escrito por":"Plastimol","Tempo estimado de leitura":"1 minuto"},"schema":{"@context":"https:\/\/schema.org","@graph":[{"@type":"Article","@id":"https:\/\/plastimol.com\/pt-pt\/apos-dois-anos-regressamos-a-feira-de-atraccao-de-frutas\/#article","isPartOf":{"@id":"https:\/\/plastimol.com\/pt-pt\/apos-dois-anos-regressamos-a-feira-de-atraccao-de-frutas\/"},"author":{"name":"Plastimol","@id":"https:\/\/plastimol.com\/pt-pt\/#\/schema\/person\/e9a749529e9bd4ffb4e1effece41d863"},"headline":"Estamos de volta \u00e0 feira Fruit Attraction.","datePublished":"2022-05-05T17:02:22+00:00","dateModified":"2023-07-25T10:28:15+00:00","mainEntityOfPage":{"@id":"https:\/\/plastimol.com\/pt-pt\/apos-dois-anos-regressamos-a-feira-de-atraccao-de-frutas\/"},"wordCount":109,"publisher":{"@id":"https:\/\/plastimol.com\/pt-pt\/#organization"},"image":{"@id":"https:\/\/plastimol.com\/pt-pt\/apos-dois-anos-regressamos-a-feira-de-atraccao-de-frutas\/#primaryimage"},"thumbnailUrl":"https:\/\/plastimol.com\/wp-content\/uploads\/2022\/09\/FRUIT-ATTRACTION.webp","articleSection":["Atualidade"],"inLanguage":"pt-PT"},{"@type":"WebPage","@id":"https:\/\/plastimol.com\/pt-pt\/apos-dois-anos-regressamos-a-feira-de-atraccao-de-frutas\/","url":"https:\/\/plastimol.com\/pt-pt\/apos-dois-anos-regressamos-a-feira-de-atraccao-de-frutas\/","name":"Estamos de volta \u00e0 feira Fruit Attraction. | Plastimol","isPartOf":{"@id":"https:\/\/plastimol.com\/pt-pt\/#website"},"primaryImageOfPage":{"@id":"https:\/\/plastimol.com\/pt-pt\/apos-dois-anos-regressamos-a-feira-de-atraccao-de-frutas\/#primaryimage"},"image":{"@id":"https:\/\/plastimol.com\/pt-pt\/apos-dois-anos-regressamos-a-feira-de-atraccao-de-frutas\/#primaryimage"},"thumbnailUrl":"https:\/\/plastimol.com\/wp-content\/uploads\/2022\/09\/FRUIT-ATTRACTION.webp","datePublished":"2022-05-05T17:02:22+00:00","dateModified":"2023-07-25T10:28:15+00:00","description":"Estamos de volta \u00e0 Fruit Attraction ap\u00f3s dois anos! Junte-se a n\u00f3s nesta emocionante feira da ind\u00fastria de frutas e hortali\u00e7as.","breadcrumb":{"@id":"https:\/\/plastimol.com\/pt-pt\/apos-dois-anos-regressamos-a-feira-de-atraccao-de-frutas\/#breadcrumb"},"inLanguage":"pt-PT","potentialAction":[{"@type":"ReadAction","target":["https:\/\/plastimol.com\/pt-pt\/apos-dois-anos-regressamos-a-feira-de-atraccao-de-frutas\/"]}]},{"@type":"ImageObject","inLanguage":"pt-PT","@id":"https:\/\/plastimol.com\/pt-pt\/apos-dois-anos-regressamos-a-feira-de-atraccao-de-frutas\/#primaryimage","url":"https:\/\/plastimol.com\/wp-content\/uploads\/2022\/09\/FRUIT-ATTRACTION.webp","contentUrl":"https:\/\/plastimol.com\/wp-content\/uploads\/2022\/09\/FRUIT-ATTRACTION.webp","width":2368,"height":1769,"caption":"FRUIT ATTRACTION"},{"@type":"BreadcrumbList","@id":"https:\/\/plastimol.com\/pt-pt\/apos-dois-anos-regressamos-a-feira-de-atraccao-de-frutas\/#breadcrumb","itemListElement":[{"@type":"ListItem","position":1,"name":"Plastimol","item":"https:\/\/plastimol.com\/pt-pt\/"},{"@type":"ListItem","position":2,"name":"Atualidade","item":"https:\/\/plastimol.com\/pt-pt\/category\/atualidade\/"},{"@type":"ListItem","position":3,"name":"Estamos de volta \u00e0 feira Fruit Attraction."}]},{"@type":"WebSite","@id":"https:\/\/plastimol.com\/pt-pt\/#website","url":"https:\/\/plastimol.com\/pt-pt\/","name":"Plastimol.com","description":"Fabricantes Bbox, Contenedores, Cajas, Bidones y Palets de Pl\u00e1stico","publisher":{"@id":"https:\/\/plastimol.com\/pt-pt\/#organization"},"potentialAction":[{"@type":"SearchAction","target":{"@type":"EntryPoint","urlTemplate":"https:\/\/plastimol.com\/pt-pt\/?s={search_term_string}"},"query-input":{"@type":"PropertyValueSpecification","valueRequired":true,"valueName":"search_term_string"}}],"inLanguage":"pt-PT"},{"@type":"Organization","@id":"https:\/\/plastimol.com\/pt-pt\/#organization","name":"Plastimol.com","url":"https:\/\/plastimol.com\/pt-pt\/","logo":{"@type":"ImageObject","inLanguage":"pt-PT","@id":"https:\/\/plastimol.com\/pt-pt\/#\/schema\/logo\/image\/","url":"https:\/\/plastimol.com\/wp-content\/uploads\/2020\/12\/cropped-logo.png","contentUrl":"https:\/\/plastimol.com\/wp-content\/uploads\/2020\/12\/cropped-logo.png","width":1957,"height":485,"caption":"Plastimol.com"},"image":{"@id":"https:\/\/plastimol.com\/pt-pt\/#\/schema\/logo\/image\/"},"sameAs":["https:\/\/www.facebook.com\/Plasticos-De-Molina-SL-2231330860466005\/","https:\/\/in.linkedin.com\/company\/plastimol","https:\/\/www.instagram.com\/plastimol_envases","https:\/\/www.youtube.com\/channel\/UCtKxYvZ0eakrjy2gSCBETGg\/videos"]},{"@type":"Person","@id":"https:\/\/plastimol.com\/pt-pt\/#\/schema\/person\/e9a749529e9bd4ffb4e1effece41d863","name":"Plastimol","image":{"@type":"ImageObject","inLanguage":"pt-PT","@id":"https:\/\/secure.gravatar.com\/avatar\/79d78f942a98e935261653bc0f66658c285685bb0e25c7f703a8752695e82921?s=96&d=mm&r=g","url":"https:\/\/secure.gravatar.com\/avatar\/79d78f942a98e935261653bc0f66658c285685bb0e25c7f703a8752695e82921?s=96&d=mm&r=g","contentUrl":"https:\/\/secure.gravatar.com\/avatar\/79d78f942a98e935261653bc0f66658c285685bb0e25c7f703a8752695e82921?s=96&d=mm&r=g","caption":"Plastimol"},"url":"https:\/\/plastimol.com\/pt-pt\/author\/plastimol\/"}]}},"uagb_featured_image_src":{"full":["https:\/\/plastimol.com\/wp-content\/uploads\/2022\/09\/FRUIT-ATTRACTION.webp",2368,1769,false],"thumbnail":["https:\/\/plastimol.com\/wp-content\/uploads\/2022\/09\/FRUIT-ATTRACTION-150x150.webp",150,150,true],"medium":["https:\/\/plastimol.com\/wp-content\/uploads\/2022\/09\/FRUIT-ATTRACTION-300x224.webp",300,224,true],"medium_large":["https:\/\/plastimol.com\/wp-content\/uploads\/2022\/09\/FRUIT-ATTRACTION-768x574.webp",768,574,true],"large":["https:\/\/plastimol.com\/wp-content\/uploads\/2022\/09\/FRUIT-ATTRACTION-1024x765.webp",1024,765,true],"1536x1536":["https:\/\/plastimol.com\/wp-content\/uploads\/2022\/09\/FRUIT-ATTRACTION-1536x1147.webp",1536,1147,true],"2048x2048":["https:\/\/plastimol.com\/wp-content\/uploads\/2022\/09\/FRUIT-ATTRACTION-2048x1530.webp",2048,1530,true],"woocommerce_thumbnail":["https:\/\/plastimol.com\/wp-content\/uploads\/2022\/09\/FRUIT-ATTRACTION-300x300.webp",300,300,true],"woocommerce_single":["https:\/\/plastimol.com\/wp-content\/uploads\/2022\/09\/FRUIT-ATTRACTION-600x448.webp",600,448,true],"woocommerce_gallery_thumbnail":["https:\/\/plastimol.com\/wp-content\/uploads\/2022\/09\/FRUIT-ATTRACTION-100x100.webp",100,100,true]},"uagb_author_info":{"display_name":"Plastimol","author_link":"https:\/\/plastimol.com\/pt-pt\/author\/plastimol\/"},"uagb_comment_info":0,"uagb_excerpt":"Este ano estamos muito entusiasmados por estar de volta \u00e0 FRUIT ATTRACTION, a Feira Internacional de Frutas e Legumes , ap\u00f3s dois anos de pandemia (a \u00faltima vez foi em 2019), onde estaremos a expor os nossos produtos e poderemos responder a todas as vossas quest\u00f5es. Esperamos por si! .Pode encontrar-nos em :IFEMA MADRID &#8211;&hellip;","_links":{"self":[{"href":"https:\/\/plastimol.com\/pt-pt\/wp-json\/wp\/v2\/posts\/16006","targetHints":{"allow":["GET"]}}],"collection":[{"href":"https:\/\/plastimol.com\/pt-pt\/wp-json\/wp\/v2\/posts"}],"about":[{"href":"https:\/\/plastimol.com\/pt-pt\/wp-json\/wp\/v2\/types\/post"}],"author":[{"embeddable":true,"href":"https:\/\/plastimol.com\/pt-pt\/wp-json\/wp\/v2\/users\/8"}],"replies":[{"embeddable":true,"href":"https:\/\/plastimol.com\/pt-pt\/wp-json\/wp\/v2\/comments?post=16006"}],"version-history":[{"count":0,"href":"https:\/\/plastimol.com\/pt-pt\/wp-json\/wp\/v2\/posts\/16006\/revisions"}],"wp:featuredmedia":[{"embeddable":true,"href":"https:\/\/plastimol.com\/pt-pt\/wp-json\/wp\/v2\/media\/11833"}],"wp:attachment":[{"href":"https:\/\/plastimol.com\/pt-pt\/wp-json\/wp\/v2\/media?parent=16006"}],"wp:term":[{"taxonomy":"category","embeddable":true,"href":"https:\/\/plastimol.com\/pt-pt\/wp-json\/wp\/v2\/categories?post=16006"},{"taxonomy":"post_tag","embeddable":true,"href":"https:\/\/plastimol.com\/pt-pt\/wp-json\/wp\/v2\/tags?post=16006"}],"curies":[{"name":"wp","href":"https:\/\/api.w.org\/{rel}","templated":true}]}}